{"id":360,"date":"2026-08-27T14:10:17","date_gmt":"2026-08-27T14:10:17","guid":{"rendered":"https:\/\/cano-pompesfunebres.ch.35-195-224-43.plesk.page\/?p=360"},"modified":"2026-08-27T14:19:01","modified_gmt":"2026-08-27T14:19:01","slug":"marguerite-meier-spiess-2","status":"publish","type":"post","link":"https:\/\/cano-pompesfunebres.ch.35-195-224-43.plesk.page\/?p=360","title":{"rendered":"Marguerite Meier-Spiess"},"content":{"rendered":"<p>\u00ab Tu es partie au-del\u00e0 de notre horizon, mais dans notre c\u0153ur tu resteras comme une lumi\u00e8re qui nous tiendra chaud dans nos hivers, un petit feu de toi qui ne s\u2019\u00e9teindra pas. \u00bb \u2014 A. Malraux<\/p>\n<p>C\u2019est avec tristesse que nous faisons part du d\u00e9c\u00e8s de Marguerite Meier-Spiess, qui s\u2019en est all\u00e9e subitement, dans sa 78e ann\u00e9e.<\/p>\n<p>Sont dans la peine ses enfants : Dominique Meier, son amie Tina et ses enfants ; Roland et Fabienne Meier-Wittmer ; Doris Laederach-Meier ; Philippe et Brigitte Meier-Repond ;<\/p>\n<p>Ses petits-enfants : Christophe Meier, Jenna Meier et son ami Davy, Gregory Meier, Roxane Meier, Lucas Meier, Nils Meier, Virginie Laederach et son ami Beno\u00eet, Jordane Laederach et son ami Leandro, Chlo\u00e9 Meier, Aur\u00e9lie Meier ;<\/p>\n<p>ainsi que ses fr\u00e8res, sa s\u0153ur et leurs familles, et les familles parentes et amies.<\/p>\n<p>La c\u00e9r\u00e9monie d\u2019adieu aura lieu le vendredi 29 septembre \u00e0 14 heures, en l\u2019\u00e9glise de Grandval, suivie de l\u2019incin\u00e9ration. Notre maman repose au pavillon du cimeti\u00e8re de Chali\u00e8re \u00e0 Moutier.<\/p>\n<p>Adresse de la famille : Doris Laederach, H\u00f4tel-de-Ville 8, 2740 Moutier.<\/p>\n<p>Moutier, le 25 septembre 2017.<\/p>\n","protected":false},"excerpt":{"rendered":"<p>\u00ab Tu es partie au-del\u00e0 de notre horizon, mais dans notre c\u0153ur tu resteras comme une lumi\u00e8re qui nous tiendra chaud dans nos hivers, un petit feu de toi qui ne s\u2019\u00e9teindra pas. \u00bb \u2014 A. Malraux C\u2019est avec tristesse que nous faisons part du d\u00e9c\u00e8s de Marguerite Meier-Spiess, qui s\u2019en est all\u00e9e subitement, dans [&hellip;]<\/p>\n","protected":false},"author":1,"featured_media":362,"comment_status":"open","ping_status":"closed","sticky":false,"template":"","format":"standard","meta":{"_et_pb_use_builder":"","_et_pb_old_content":"","_et_gb_content_width":"","inline_featured_image":false,"footnotes":""},"categories":[8],"tags":[],"class_list":["post-360","post","type-post","status-publish","format-standard","has-post-thumbnail","hentry","category-avis-de-deces"],"_links":{"self":[{"href":"https:\/\/cano-pompesfunebres.ch.35-195-224-43.plesk.page\/index.php?rest_route=\/wp\/v2\/posts\/360","targetHints":{"allow":["GET"]}}],"collection":[{"href":"https:\/\/cano-pompesfunebres.ch.35-195-224-43.plesk.page\/index.php?rest_route=\/wp\/v2\/posts"}],"about":[{"href":"https:\/\/cano-pompesfunebres.ch.35-195-224-43.plesk.page\/index.php?rest_route=\/wp\/v2\/types\/post"}],"author":[{"embeddable":true,"href":"https:\/\/cano-pompesfunebres.ch.35-195-224-43.plesk.page\/index.php?rest_route=\/wp\/v2\/users\/1"}],"replies":[{"embeddable":true,"href":"https:\/\/cano-pompesfunebres.ch.35-195-224-43.plesk.page\/index.php?rest_route=%2Fwp%2Fv2%2Fcomments&post=360"}],"version-history":[{"count":1,"href":"https:\/\/cano-pompesfunebres.ch.35-195-224-43.plesk.page\/index.php?rest_route=\/wp\/v2\/posts\/360\/revisions"}],"predecessor-version":[{"id":361,"href":"https:\/\/cano-pompesfunebres.ch.35-195-224-43.plesk.page\/index.php?rest_route=\/wp\/v2\/posts\/360\/revisions\/361"}],"wp:featuredmedia":[{"embeddable":true,"href":"https:\/\/cano-pompesfunebres.ch.35-195-224-43.plesk.page\/index.php?rest_route=\/wp\/v2\/media\/362"}],"wp:attachment":[{"href":"https:\/\/cano-pompesfunebres.ch.35-195-224-43.plesk.page\/index.php?rest_route=%2Fwp%2Fv2%2Fmedia&parent=360"}],"wp:term":[{"taxonomy":"category","embeddable":true,"href":"https:\/\/cano-pompesfunebres.ch.35-195-224-43.plesk.page\/index.php?rest_route=%2Fwp%2Fv2%2Fcategories&post=360"},{"taxonomy":"post_tag","embeddable":true,"href":"https:\/\/cano-pompesfunebres.ch.35-195-224-43.plesk.page\/index.php?rest_route=%2Fwp%2Fv2%2Ftags&post=360"}],"curies":[{"name":"wp","href":"https:\/\/api.w.org\/{rel}","templated":true}]}}