{"id":123,"date":"2026-06-18T11:24:39","date_gmt":"2026-06-18T11:24:39","guid":{"rendered":"https:\/\/cano-pompesfunebres.ch.35-195-224-43.plesk.page\/?p=123"},"modified":"2026-08-27T14:06:08","modified_gmt":"2026-08-27T14:06:08","slug":"marguerite-meier-spiess","status":"publish","type":"post","link":"https:\/\/cano-pompesfunebres.ch.35-195-224-43.plesk.page\/?p=123","title":{"rendered":"Madame Anne-Marie Utermann-Probst"},"content":{"rendered":"<p>\u00ab Nous avons tout pleinement en J\u00e9sus-Christ. \u00bb (Colossiens 2:10)<br \/>\n\u00ab J\u2019ai combattu le bon combat, j\u2019ai achev\u00e9 la course, j\u2019ai gard\u00e9 la foi. D\u00e9sormais la couronne de justice m\u2019est r\u00e9serv\u00e9e, le Seigneur, le juste juge me la donnera en ce jour-l\u00e0. \u00bb (2 Timoth\u00e9e 4:7-8)<\/p>\n<p>\u00ab La sagesse c\u2019est d\u2019avoir des r\u00eaves suffisamment grands pour ne pas les perdre de vue lorsqu\u2019on les poursuit. \u00bb Merci d\u2019avoir su nous partager les tiens et de nous avoir accompagn\u00e9s dans la r\u00e9alisation des n\u00f4tres.<\/p>\n<p>C\u2019est avec beaucoup d\u2019\u00e9motion que nous vous faisons part du d\u00e9c\u00e8s de Madame Anne-Marie Utermann-Probst, qui s\u2019en est all\u00e9e dans sa 83e ann\u00e9e.<\/p>\n<p>Sont dans la peine son \u00e9poux, ses enfants, ses petits et arri\u00e8re-petits-enfants, sa s\u0153ur, son beau-fr\u00e8re et sa belle-s\u0153ur : Walter Utermann ; Damaris et John Beck-Utermann, et leurs enfants Lucas, Daniel, Samuel ; Marc et Genevi\u00e8ve Utermann-Lehmann, leurs enfants Virginie et Pascal Schnegg, et leur fils Jimmy, ainsi que Kathlyn, Larissa, Billy, John ; David et Laurence Utermann-B\u00e9guin, et leurs enfants Timoth\u00e9e, Marion, Valentine ; Madeleine Hirschi-Probst ; Manfred et Renate Utermann, et famille au Mexique ; ainsi que les familles parentes et amies.  <\/p>\n<p>L\u2019ensevelissement aura lieu le mercredi 22 juin \u00e0 13h45 au cimeti\u00e8re de Court, suivi du culte au temple. Anne-Marie repose dans une chambre mortuaire du cimeti\u00e8re de B\u00e9vilard.  <\/p>\n<p>En sa m\u00e9moire, vous pouvez penser \u00e0 l\u2019association EYLIM \u00e0 Fribourg, un lieu d\u2019accueil favorisant les relations, de partage, d\u2019esp\u00e9rance et de soutien mutuel (Compte : CH23 8090 1000 0061 6909 0).<\/p>\n<p>Rue du Nord 33, 2740 Moutier, le 16 juin 2016.<\/p>\n","protected":false},"excerpt":{"rendered":"<p>\u00ab Nous avons tout pleinement en J\u00e9sus-Christ. \u00bb (Colossiens 2:10) \u00ab J\u2019ai combattu le bon combat, j\u2019ai achev\u00e9 la course, j\u2019ai gard\u00e9 la foi. D\u00e9sormais la couronne de justice m\u2019est r\u00e9serv\u00e9e, le Seigneur, le juste juge me la donnera en ce jour-l\u00e0. \u00bb (2 Timoth\u00e9e 4:7-8) \u00ab La sagesse c\u2019est d\u2019avoir des r\u00eaves suffisamment grands [&hellip;]<\/p>\n","protected":false},"author":1,"featured_media":357,"comment_status":"open","ping_status":"closed","sticky":false,"template":"","format":"standard","meta":{"_et_pb_use_builder":"","_et_pb_old_content":"","_et_gb_content_width":"","inline_featured_image":false,"footnotes":""},"categories":[8],"tags":[],"class_list":["post-123","post","type-post","status-publish","format-standard","has-post-thumbnail","hentry","category-avis-de-deces"],"_links":{"self":[{"href":"https:\/\/cano-pompesfunebres.ch.35-195-224-43.plesk.page\/index.php?rest_route=\/wp\/v2\/posts\/123","targetHints":{"allow":["GET"]}}],"collection":[{"href":"https:\/\/cano-pompesfunebres.ch.35-195-224-43.plesk.page\/index.php?rest_route=\/wp\/v2\/posts"}],"about":[{"href":"https:\/\/cano-pompesfunebres.ch.35-195-224-43.plesk.page\/index.php?rest_route=\/wp\/v2\/types\/post"}],"author":[{"embeddable":true,"href":"https:\/\/cano-pompesfunebres.ch.35-195-224-43.plesk.page\/index.php?rest_route=\/wp\/v2\/users\/1"}],"replies":[{"embeddable":true,"href":"https:\/\/cano-pompesfunebres.ch.35-195-224-43.plesk.page\/index.php?rest_route=%2Fwp%2Fv2%2Fcomments&post=123"}],"version-history":[{"count":4,"href":"https:\/\/cano-pompesfunebres.ch.35-195-224-43.plesk.page\/index.php?rest_route=\/wp\/v2\/posts\/123\/revisions"}],"predecessor-version":[{"id":358,"href":"https:\/\/cano-pompesfunebres.ch.35-195-224-43.plesk.page\/index.php?rest_route=\/wp\/v2\/posts\/123\/revisions\/358"}],"wp:featuredmedia":[{"embeddable":true,"href":"https:\/\/cano-pompesfunebres.ch.35-195-224-43.plesk.page\/index.php?rest_route=\/wp\/v2\/media\/357"}],"wp:attachment":[{"href":"https:\/\/cano-pompesfunebres.ch.35-195-224-43.plesk.page\/index.php?rest_route=%2Fwp%2Fv2%2Fmedia&parent=123"}],"wp:term":[{"taxonomy":"category","embeddable":true,"href":"https:\/\/cano-pompesfunebres.ch.35-195-224-43.plesk.page\/index.php?rest_route=%2Fwp%2Fv2%2Fcategories&post=123"},{"taxonomy":"post_tag","embeddable":true,"href":"https:\/\/cano-pompesfunebres.ch.35-195-224-43.plesk.page\/index.php?rest_route=%2Fwp%2Fv2%2Ftags&post=123"}],"curies":[{"name":"wp","href":"https:\/\/api.w.org\/{rel}","templated":true}]}}